{"id":1322,"date":"2015-07-03T21:55:39","date_gmt":"2015-07-03T21:55:39","guid":{"rendered":"http:\/\/www.casasoares.pt\/WP\/?p=1322"},"modified":"2015-07-07T15:39:23","modified_gmt":"2015-07-07T15:39:23","slug":"viagem-medieval-em-terras-de-santa-maria-da-feira","status":"publish","type":"post","link":"https:\/\/www.casasoares.pt\/?p=1322","title":{"rendered":"Viagem Medieval em Terras de Santa Maria da Feira (29 de jul > 9 de ago)"},"content":{"rendered":"<p><a href=\"https:\/\/www.casasoares.pt\/WP\/wp-content\/uploads\/2014\/03\/hqdefault.jpg\" data-rel=\"prettyPhoto[1322]\"><img loading=\"lazy\" decoding=\"async\" class=\"aligncenter wp-image-432 size-full\" src=\"https:\/\/www.casasoares.pt\/WP\/wp-content\/uploads\/2014\/03\/hqdefault.jpg\" alt=\"\" width=\"480\" height=\"360\" \/><\/a><\/p>\n<p style=\"text-align: justify;\">&#8220;Em 2015, a Viagem Medieval vai ter mais um dia. Na sua 19\u00aa edi\u00e7\u00e3o, o evento vai abrir as portas a 29 de julho (quarta-feira), prolongando-se at\u00e9 9 de agosto (domingo). Ser\u00e3o 12 dias de anima\u00e7\u00e3o e recria\u00e7\u00f5es hist\u00f3ricas inspiradas no reinado de D. Afonso III, quinto rei de Portugal.<\/p>\n<p style=\"text-align: justify;\">A Organiza\u00e7\u00e3o considera que o crescimento gradual do n\u00famero de visitas justifica o prolongamento do evento por mais um dia, permitindo receber mais p\u00fablico sem beliscar a qualidade, o rigor, a seguran\u00e7a e a viv\u00eancia que caracterizam esta recria\u00e7\u00e3o hist\u00f3rica.<\/p>\n<p style=\"text-align: justify;\">A nova data foi anunciada pelo vereador da Cultura e Turismo, Gil Ferreira, na sess\u00e3o de encerramento da XVIII Viagem Medieval.&#8221;<\/p>\n<p style=\"text-align: justify;\"><a href=\"http:\/\/www.viagemmedieval.com\/\" target=\"_blank\">http:\/\/www.viagemmedieval.com\/<\/a><\/p>\n","protected":false},"excerpt":{"rendered":"<p>&#8220;Em 2015, a Viagem Medieval vai ter mais um dia. Na sua 19\u00aa edi\u00e7\u00e3o, o evento vai abrir as portas a 29 de julho (quarta-feira), prolongando-se at\u00e9 9 de agosto (domingo). Ser\u00e3o 12 dias de anima\u00e7\u00e3o e recria\u00e7\u00f5es hist\u00f3ricas inspiradas no reinado de D. Afonso III, quinto rei de Portugal.<a href=\"https:\/\/www.casasoares.pt\/?p=1322\"> [ler mais]<\/a><\/p>\n","protected":false},"author":1,"featured_media":1399,"comment_status":"closed","ping_status":"closed","sticky":false,"template":"","format":"standard","meta":{"footnotes":""},"categories":[10],"tags":[],"class_list":["post-1322","post","type-post","status-publish","format-standard","has-post-thumbnail","hentry","category-noticias"],"_links":{"self":[{"href":"https:\/\/www.casasoares.pt\/index.php?rest_route=\/wp\/v2\/posts\/1322","targetHints":{"allow":["GET"]}}],"collection":[{"href":"https:\/\/www.casasoares.pt\/index.php?rest_route=\/wp\/v2\/posts"}],"about":[{"href":"https:\/\/www.casasoares.pt\/index.php?rest_route=\/wp\/v2\/types\/post"}],"author":[{"embeddable":true,"href":"https:\/\/www.casasoares.pt\/index.php?rest_route=\/wp\/v2\/users\/1"}],"replies":[{"embeddable":true,"href":"https:\/\/www.casasoares.pt\/index.php?rest_route=%2Fwp%2Fv2%2Fcomments&post=1322"}],"version-history":[{"count":11,"href":"https:\/\/www.casasoares.pt\/index.php?rest_route=\/wp\/v2\/posts\/1322\/revisions"}],"predecessor-version":[{"id":1427,"href":"https:\/\/www.casasoares.pt\/index.php?rest_route=\/wp\/v2\/posts\/1322\/revisions\/1427"}],"wp:featuredmedia":[{"embeddable":true,"href":"https:\/\/www.casasoares.pt\/index.php?rest_route=\/wp\/v2\/media\/1399"}],"wp:attachment":[{"href":"https:\/\/www.casasoares.pt\/index.php?rest_route=%2Fwp%2Fv2%2Fmedia&parent=1322"}],"wp:term":[{"taxonomy":"category","embeddable":true,"href":"https:\/\/www.casasoares.pt\/index.php?rest_route=%2Fwp%2Fv2%2Fcategories&post=1322"},{"taxonomy":"post_tag","embeddable":true,"href":"https:\/\/www.casasoares.pt\/index.php?rest_route=%2Fwp%2Fv2%2Ftags&post=1322"}],"curies":[{"name":"wp","href":"https:\/\/api.w.org\/{rel}","templated":true}]}}